{"id":1217,"date":"2012-08-07T11:47:19","date_gmt":"2012-08-07T11:47:19","guid":{"rendered":"http:\/\/nsikar.com\/?p=1217"},"modified":"2012-08-07T12:46:25","modified_gmt":"2012-08-07T12:46:25","slug":"dan-recne-flotile","status":"publish","type":"post","link":"https:\/\/www.nsikar.com\/?p=1217","title":{"rendered":"Dan Re\u010dne Flotile"},"content":{"rendered":"<p>Sve\u010danost povodom dana Re\u010dne flotile, odr\u017eana je 6. Avgusta 2012.god. u Novom Sadu u kasarni &#8220;Aleksandar Beri\u0107&#8221; na Limanu IV.<br \/>\nSve\u010danosti su prisustvovali mnogobrojni gosti me\u0111u kojim i \u010dlan Maketarskog kluba &#8220;Novosadski Ikar&#8221; Ilin Sini\u0161a .<br \/>\nProgram se sastojao od sve\u010danog postrojavanja, podele nagrada i defilea jedinica Re\u010dne flotile.<br \/>\nPrire\u0111ena je zakuska i skromno slavlje u restoranu jedinice. Ilin Sini\u0161a je obisao i svoju ratnu jedinicu (Ronioce) gde je takodje prir\u0111ena skromna zakuska i osve\u017eavajuca pi\u0107a.<\/p>\nngg_shortcode_0_placeholder\n<p>&nbsp;<\/p>\n","protected":false},"excerpt":{"rendered":"<p>Sve\u010danost povodom dana Re\u010dne flotile, odr\u017eana je 6. Avgusta 2012.god. u Novom Sadu u kasarni &#8220;Aleksandar Beri\u0107&#8221; na Limanu IV. Sve\u010danosti su prisustvovali mnogobrojni gosti me\u0111u kojim i \u010dlan Maketarskog kluba &#8220;Novosadski Ikar&#8221; Ilin Sini\u0161a . Program se sastojao od sve\u010danog postrojavanja, podele nagrada i defilea jedinica Re\u010dne flotile. Prire\u0111ena je zakuska i skromno slavlje <a href='https:\/\/www.nsikar.com\/?p=1217' class='excerpt-more'>[&#8230;]<\/a><\/p>\n","protected":false},"author":1,"featured_media":0,"comment_status":"closed","ping_status":"closed","sticky":false,"template":"","format":"standard","meta":{"ngg_post_thumbnail":0,"footnotes":""},"categories":[73,74,140,91],"tags":[226],"class_list":["post-1217","post","type-post","status-publish","format-standard","hentry","category-posete","category-proslava","category-reportaza","category-sastanci","tag-recna-flotila","category-73-id","category-74-id","category-140-id","category-91-id","post-seq-1","post-parity-odd","meta-position-corners","fix"],"_links":{"self":[{"href":"https:\/\/www.nsikar.com\/index.php?rest_route=\/wp\/v2\/posts\/1217","targetHints":{"allow":["GET"]}}],"collection":[{"href":"https:\/\/www.nsikar.com\/index.php?rest_route=\/wp\/v2\/posts"}],"about":[{"href":"https:\/\/www.nsikar.com\/index.php?rest_route=\/wp\/v2\/types\/post"}],"author":[{"embeddable":true,"href":"https:\/\/www.nsikar.com\/index.php?rest_route=\/wp\/v2\/users\/1"}],"replies":[{"embeddable":true,"href":"https:\/\/www.nsikar.com\/index.php?rest_route=%2Fwp%2Fv2%2Fcomments&post=1217"}],"version-history":[{"count":13,"href":"https:\/\/www.nsikar.com\/index.php?rest_route=\/wp\/v2\/posts\/1217\/revisions"}],"predecessor-version":[{"id":1228,"href":"https:\/\/www.nsikar.com\/index.php?rest_route=\/wp\/v2\/posts\/1217\/revisions\/1228"}],"wp:attachment":[{"href":"https:\/\/www.nsikar.com\/index.php?rest_route=%2Fwp%2Fv2%2Fmedia&parent=1217"}],"wp:term":[{"taxonomy":"category","embeddable":true,"href":"https:\/\/www.nsikar.com\/index.php?rest_route=%2Fwp%2Fv2%2Fcategories&post=1217"},{"taxonomy":"post_tag","embeddable":true,"href":"https:\/\/www.nsikar.com\/index.php?rest_route=%2Fwp%2Fv2%2Ftags&post=1217"}],"curies":[{"name":"wp","href":"https:\/\/api.w.org\/{rel}","templated":true}]}}